{"id":4190,"date":"2022-12-03T11:45:35","date_gmt":"2022-12-03T10:45:35","guid":{"rendered":"https:\/\/www.educargeneraoportunidades.org\/?p=4190"},"modified":"2024-01-24T17:21:14","modified_gmt":"2024-01-24T16:21:14","slug":"argentina-from-student-to-teacher-in-a-fe-y-alegria-school","status":"publish","type":"post","link":"https:\/\/www.educargeneraoportunidades.org\/en\/argentina-from-student-to-teacher-in-a-fe-y-alegria-school\/","title":{"rendered":"Argentina: from student to teacher in a Fe y Alegr\u00eda school"},"content":{"rendered":"<div class=\"wpb-content-wrapper\"><p>[vc_row css_animation=&#8221;element_from_bottom&#8221; row_type=&#8221;row&#8221; use_row_as_full_screen_section=&#8221;no&#8221; type=&#8221;full_width&#8221; angled_section=&#8221;no&#8221; text_align=&#8221;left&#8221; background_image_as_pattern=&#8221;without_pattern&#8221; z_index=&#8221;&#8221; el_id=&#8221;intro&#8221;][vc_column width=&#8221;1\/2&#8243;][vc_column_text]<\/p>\n<h3>To educate is to sow with faith. When we educate with passion and, years later, we see that this educational \u00abspark\u00bb is lit in our students, the joy is multiplied.<\/h3>\n<p>[\/vc_column_text][\/vc_column][vc_column width=&#8221;1\/2&#8243;][vc_single_image image=&#8221;4141&#8243; img_size=&#8221;full&#8221; qode_css_animation=&#8221;&#8221;][\/vc_column][\/vc_row][vc_row css_animation=&#8221;&#8221; row_type=&#8221;row&#8221; use_row_as_full_screen_section=&#8221;no&#8221; type=&#8221;full_width&#8221; angled_section=&#8221;no&#8221; text_align=&#8221;left&#8221; background_image_as_pattern=&#8221;without_pattern&#8221;][vc_column]<div class=\"qode_vertical_separator\" >\n<\/div>[\/vc_column][\/vc_row][vc_row css_animation=&#8221;&#8221; row_type=&#8221;row&#8221; use_row_as_full_screen_section=&#8221;no&#8221; type=&#8221;full_width&#8221; angled_section=&#8221;no&#8221; text_align=&#8221;left&#8221; background_image_as_pattern=&#8221;without_pattern&#8221;][vc_column][vc_column_text]<\/p>\n<blockquote><p>My mother tells me that I insisted so much on going to school, and as soon as she heard that Fe y Alegr\u00eda was starting, she signed me up<\/p><\/blockquote>\n<p>[\/vc_column_text]<div class='gambit_row_scroll' data-row-entrance='scale-smaller' data-row-exit='' data--5p-center-top-entrance=\"transform: scale(1);transform-origin: !50% 0%;opacity: 1;\" data-bottom-top-entrance=\"transform: scale(1.2);transform-origin: !50% 0%;opacity: 0.4;\" ><\/div>[\/vc_column][\/vc_row][vc_row css_animation=&#8221;&#8221; row_type=&#8221;row&#8221; use_row_as_full_screen_section=&#8221;no&#8221; type=&#8221;full_width&#8221; angled_section=&#8221;no&#8221; text_align=&#8221;left&#8221; background_image_as_pattern=&#8221;without_pattern&#8221;][vc_column]<div class=\"qode_vertical_separator\" >\n<\/div>[\/vc_column][\/vc_row][vc_row css_animation=&#8221;&#8221; row_type=&#8221;row&#8221; use_row_as_full_screen_section=&#8221;no&#8221; type=&#8221;full_width&#8221; angled_section=&#8221;no&#8221; text_align=&#8221;left&#8221; background_image_as_pattern=&#8221;without_pattern&#8221; z_index=&#8221;&#8221;][vc_column][vc_row_inner row_type=&#8221;row&#8221; type=&#8221;full_width&#8221; text_align=&#8221;left&#8221; css_animation=&#8221;&#8221; el_class=&#8221;centradoVertical columAnimaScroll&#8221;][vc_column_inner width=&#8221;1\/2&#8243;]<div class='gambit_row_scroll' data-row-entrance='content-fly-up' data-row-exit='' data-entrance-do-children='true'data--5p-center-top-entrance=\"transform: translateY(0vh);opacity: 1;\" data-bottom-top-entrance=\"transform: translateY(30vh);opacity: 0;\" ><\/div>[vc_single_image image=&#8221;4142&#8243; img_size=&#8221;full&#8221; qode_css_animation=&#8221;&#8221;][\/vc_column_inner][vc_column_inner width=&#8221;1\/2&#8243;][vc_column_text]The story of Ariel <strong>Antonio Barrios Mendoza<\/strong>, a 5th grade teacher at the <strong>Fe y Alegr\u00eda school<\/strong> in Embarcaci\u00f3n (Salta, Argentina), is a reflection of how education leaves its mark on the lives of children and young people, empowering them as agents of change and social transformation.<\/p>\n<p>Ariel was born in Embarcaci\u00f3n, and there he went to the Fe y Alegr\u00eda school, the same one where today he has the opportunity to be a teacher and accompany girls and boys who are in contexts of high social vulnerability in the recovery of learning under a culture of peace and gender perspective approach.[\/vc_column_text][\/vc_column_inner][\/vc_row_inner][vc_row_inner row_type=&#8221;row&#8221; type=&#8221;full_width&#8221; text_align=&#8221;left&#8221; css_animation=&#8221;&#8221; el_class=&#8221;centradoVertical columAnimaScroll invertido&#8221;][vc_column_inner width=&#8221;1\/2&#8243;]<div class='gambit_row_scroll' data-row-entrance='content-fly-up' data-row-exit='' data-entrance-do-children='true'data--5p-center-top-entrance=\"transform: translateY(0vh);opacity: 1;\" data-bottom-top-entrance=\"transform: translateY(30vh);opacity: 0;\" ><\/div>[vc_single_image image=&#8221;4146&#8243; img_size=&#8221;full&#8221; qode_css_animation=&#8221;&#8221;][\/vc_column_inner][vc_column_inner width=&#8221;1\/2&#8243;][vc_column_text]<em>\u201cAt that time we lived very close, before crossing National Highway 34. Then we moved, but I wanted to keep going to Fe y Alegr\u00eda\u201c<\/em>. Ariel finished high school with the second best average and the director, Blanca Pintado, managed to get a scholarship agreement with the Instituto Superior Docente Pablo Picasso N\u00b0 8.163. Thanks to this, Ariel was able to study to become a Primary Education Teacher.<\/p>\n<p>Throughout his education, Ariel longed to be able to do an internship at the Fe y Alegr\u00eda Jes\u00fas School, which was always in his heart. The example of his teachers and the commitment with which they assumed the role of guiding and bringing out the best in each person strengthened in Ariel not only his vocation to be a teacher, but also his bond with the institution where he grew up.[\/vc_column_text][\/vc_column_inner][\/vc_row_inner][\/vc_column][\/vc_row][vc_row css_animation=&#8221;&#8221; row_type=&#8221;row&#8221; use_row_as_full_screen_section=&#8221;no&#8221; type=&#8221;full_width&#8221; angled_section=&#8221;no&#8221; text_align=&#8221;left&#8221; background_image_as_pattern=&#8221;without_pattern&#8221;][vc_column]<div class=\"qode_vertical_separator\" >\n<\/div>[\/vc_column][\/vc_row][vc_row css_animation=&#8221;&#8221; row_type=&#8221;row&#8221; use_row_as_full_screen_section=&#8221;no&#8221; type=&#8221;full_width&#8221; angled_section=&#8221;no&#8221; text_align=&#8221;left&#8221; background_image_as_pattern=&#8221;without_pattern&#8221;][vc_column][vc_column_text]<\/p>\n<blockquote><p>I am grateful to share this beautiful stage with the best director I could have had when I was in elementary school\u201d. Thank you Fe y Alegr\u00eda for putting your heart into education!<\/p><\/blockquote>\n<p>[\/vc_column_text]<div class='gambit_row_scroll' data-row-entrance='scale-smaller' data-row-exit='' data--5p-center-top-entrance=\"transform: scale(1);transform-origin: !50% 0%;opacity: 1;\" data-bottom-top-entrance=\"transform: scale(1.2);transform-origin: !50% 0%;opacity: 0.4;\" ><\/div>[\/vc_column][\/vc_row][vc_row css_animation=&#8221;&#8221; row_type=&#8221;row&#8221; use_row_as_full_screen_section=&#8221;no&#8221; type=&#8221;full_width&#8221; angled_section=&#8221;no&#8221; text_align=&#8221;left&#8221; background_image_as_pattern=&#8221;without_pattern&#8221;][vc_column]<div class=\"qode_vertical_separator\" >\n<\/div>[\/vc_column][\/vc_row][vc_row css_animation=&#8221;&#8221; row_type=&#8221;row&#8221; use_row_as_full_screen_section=&#8221;no&#8221; type=&#8221;full_width&#8221; angled_section=&#8221;no&#8221; text_align=&#8221;left&#8221; background_image_as_pattern=&#8221;without_pattern&#8221; z_index=&#8221;&#8221; el_class=&#8221;centradoVertical columAnimaScroll izquierda&#8221; el_id=&#8221;imgDescuadrada&#8221;][vc_column width=&#8221;1\/2&#8243;][vc_row_inner row_type=&#8221;row&#8221; type=&#8221;full_width&#8221; text_align=&#8221;left&#8221; css_animation=&#8221;&#8221; el_class=&#8221;centradoVertical columAnimaScroll invertido&#8221;][vc_column_inner]<div class='gambit_row_scroll' data-row-entrance='content-fly-up' data-row-exit='' data-entrance-do-children='true'data--5p-center-top-entrance=\"transform: translateY(0vh);opacity: 1;\" data-bottom-top-entrance=\"transform: translateY(30vh);opacity: 0;\" ><\/div>[vc_single_image image=&#8221;4143&#8243; img_size=&#8221;full&#8221; qode_css_animation=&#8221;&#8221;][\/vc_column_inner][\/vc_row_inner][\/vc_column][vc_column width=&#8221;1\/2&#8243;][vc_column_text]<em>\u201cToday, with a wife by my side and a beautiful little girl, I am pleased to belong to the institution that was practically my second home\u2026. I also have the exciting opportunity to share activities with some of my teachers\u201d.<\/em><\/p>\n<p><strong>Thanks to the project \u201cEducation for Life, Education for Peace\u201d of the EPGO III program, Ariel has the opportunity to train and network with other teachers<\/strong> to reflect and promote new approaches and educational practices that will improve coexistence and strengthen the gender perspective in schools.[\/vc_column_text][\/vc_column][\/vc_row][vc_row css_animation=&#8221;&#8221; row_type=&#8221;row&#8221; use_row_as_full_screen_section=&#8221;no&#8221; type=&#8221;full_width&#8221; angled_section=&#8221;no&#8221; text_align=&#8221;left&#8221; background_image_as_pattern=&#8221;without_pattern&#8221;][vc_column]<div class=\"qode_vertical_separator\" >\n<\/div>[\/vc_column][\/vc_row][vc_row css_animation=&#8221;&#8221; row_type=&#8221;row&#8221; use_row_as_full_screen_section=&#8221;no&#8221; type=&#8221;full_width&#8221; angled_section=&#8221;no&#8221; text_align=&#8221;left&#8221; background_image_as_pattern=&#8221;without_pattern&#8221;][vc_column][vc_widget_sidebar sidebar_id=&#8221;header_bottom_center&#8221; el_class=&#8221;verMas&#8221;][\/vc_column][\/vc_row]<\/p>\n<\/div>","protected":false},"excerpt":{"rendered":"<p>Ayuuk: Una universidad ind\u00edgena en M\u00e9xico<\/p>\n","protected":false},"author":1,"featured_media":4138,"comment_status":"closed","ping_status":"closed","sticky":false,"template":"","format":"standard","meta":{"footnotes":""},"categories":[1],"tags":[],"class_list":["post-4190","post","type-post","status-publish","format-standard","has-post-thumbnail","hentry","category-sin-categorizar"],"yoast_head":"<!-- This site is optimized with the Yoast SEO plugin v27.5 - https:\/\/yoast.com\/product\/yoast-seo-wordpress\/ -->\n<title>Argentina: from student to teacher in a Fe y Alegr\u00eda school - Educating generates OPPORTUNITIES<\/title>\n<meta name=\"robots\" content=\"index, follow, max-snippet:-1, max-image-preview:large, max-video-preview:-1\" \/>\n<link rel=\"canonical\" href=\"https:\/\/www.educargeneraoportunidades.org\/en\/argentina-from-student-to-teacher-in-a-fe-y-alegria-school\/\" \/>\n<meta property=\"og:locale\" content=\"en_US\" \/>\n<meta property=\"og:type\" content=\"article\" \/>\n<meta property=\"og:title\" content=\"Argentina: from student to teacher in a Fe y Alegr\u00eda school - Educating generates OPPORTUNITIES\" \/>\n<meta property=\"og:description\" content=\"Ayuuk: Una universidad ind\u00edgena en M\u00e9xico\" \/>\n<meta property=\"og:url\" content=\"https:\/\/www.educargeneraoportunidades.org\/en\/argentina-from-student-to-teacher-in-a-fe-y-alegria-school\/\" \/>\n<meta property=\"og:site_name\" content=\"Educating generates OPPORTUNITIES\" \/>\n<meta property=\"article:published_time\" content=\"2022-12-03T10:45:35+00:00\" \/>\n<meta property=\"article:modified_time\" content=\"2024-01-24T16:21:14+00:00\" \/>\n<meta property=\"og:image\" content=\"https:\/\/www.educargeneraoportunidades.org\/\/wp-content\/uploads\/2023\/10\/23.jpg\" \/>\n\t<meta property=\"og:image:width\" content=\"1000\" \/>\n\t<meta property=\"og:image:height\" content=\"536\" \/>\n\t<meta property=\"og:image:type\" content=\"image\/jpeg\" \/>\n<meta name=\"author\" content=\"admin\" \/>\n<meta name=\"twitter:card\" content=\"summary_large_image\" \/>\n<meta name=\"twitter:label1\" content=\"Written by\" \/>\n\t<meta name=\"twitter:data1\" content=\"admin\" \/>\n\t<meta name=\"twitter:label2\" content=\"Est. reading time\" \/>\n\t<meta name=\"twitter:data2\" content=\"3 minutes\" \/>\n<script type=\"application\/ld+json\" class=\"yoast-schema-graph\">{\"@context\":\"https:\\\/\\\/schema.org\",\"@graph\":[{\"@type\":\"Article\",\"@id\":\"https:\\\/\\\/www.educargeneraoportunidades.org\\\/en\\\/argentina-from-student-to-teacher-in-a-fe-y-alegria-school\\\/#article\",\"isPartOf\":{\"@id\":\"https:\\\/\\\/www.educargeneraoportunidades.org\\\/en\\\/argentina-from-student-to-teacher-in-a-fe-y-alegria-school\\\/\"},\"author\":{\"name\":\"admin\",\"@id\":\"https:\\\/\\\/www.educargeneraoportunidades.org\\\/en\\\/#\\\/schema\\\/person\\\/5b53075952c9eb6ed48f3c9efcaf9835\"},\"headline\":\"Argentina: from student to teacher in a Fe y Alegr\u00eda school\",\"datePublished\":\"2022-12-03T10:45:35+00:00\",\"dateModified\":\"2024-01-24T16:21:14+00:00\",\"mainEntityOfPage\":{\"@id\":\"https:\\\/\\\/www.educargeneraoportunidades.org\\\/en\\\/argentina-from-student-to-teacher-in-a-fe-y-alegria-school\\\/\"},\"wordCount\":1076,\"image\":{\"@id\":\"https:\\\/\\\/www.educargeneraoportunidades.org\\\/en\\\/argentina-from-student-to-teacher-in-a-fe-y-alegria-school\\\/#primaryimage\"},\"thumbnailUrl\":\"https:\\\/\\\/www.educargeneraoportunidades.org\\\/\\\/wp-content\\\/uploads\\\/2023\\\/10\\\/23.jpg\",\"articleSection\":[\"Sin categorizar\"],\"inLanguage\":\"en-US\"},{\"@type\":\"WebPage\",\"@id\":\"https:\\\/\\\/www.educargeneraoportunidades.org\\\/en\\\/argentina-from-student-to-teacher-in-a-fe-y-alegria-school\\\/\",\"url\":\"https:\\\/\\\/www.educargeneraoportunidades.org\\\/en\\\/argentina-from-student-to-teacher-in-a-fe-y-alegria-school\\\/\",\"name\":\"Argentina: from student to teacher in a Fe y Alegr\u00eda school - Educating generates OPPORTUNITIES\",\"isPartOf\":{\"@id\":\"https:\\\/\\\/www.educargeneraoportunidades.org\\\/en\\\/#website\"},\"primaryImageOfPage\":{\"@id\":\"https:\\\/\\\/www.educargeneraoportunidades.org\\\/en\\\/argentina-from-student-to-teacher-in-a-fe-y-alegria-school\\\/#primaryimage\"},\"image\":{\"@id\":\"https:\\\/\\\/www.educargeneraoportunidades.org\\\/en\\\/argentina-from-student-to-teacher-in-a-fe-y-alegria-school\\\/#primaryimage\"},\"thumbnailUrl\":\"https:\\\/\\\/www.educargeneraoportunidades.org\\\/\\\/wp-content\\\/uploads\\\/2023\\\/10\\\/23.jpg\",\"datePublished\":\"2022-12-03T10:45:35+00:00\",\"dateModified\":\"2024-01-24T16:21:14+00:00\",\"author\":{\"@id\":\"https:\\\/\\\/www.educargeneraoportunidades.org\\\/en\\\/#\\\/schema\\\/person\\\/5b53075952c9eb6ed48f3c9efcaf9835\"},\"breadcrumb\":{\"@id\":\"https:\\\/\\\/www.educargeneraoportunidades.org\\\/en\\\/argentina-from-student-to-teacher-in-a-fe-y-alegria-school\\\/#breadcrumb\"},\"inLanguage\":\"en-US\",\"potentialAction\":[{\"@type\":\"ReadAction\",\"target\":[\"https:\\\/\\\/www.educargeneraoportunidades.org\\\/en\\\/argentina-from-student-to-teacher-in-a-fe-y-alegria-school\\\/\"]}]},{\"@type\":\"ImageObject\",\"inLanguage\":\"en-US\",\"@id\":\"https:\\\/\\\/www.educargeneraoportunidades.org\\\/en\\\/argentina-from-student-to-teacher-in-a-fe-y-alegria-school\\\/#primaryimage\",\"url\":\"https:\\\/\\\/www.educargeneraoportunidades.org\\\/\\\/wp-content\\\/uploads\\\/2023\\\/10\\\/23.jpg\",\"contentUrl\":\"https:\\\/\\\/www.educargeneraoportunidades.org\\\/\\\/wp-content\\\/uploads\\\/2023\\\/10\\\/23.jpg\",\"width\":1000,\"height\":536},{\"@type\":\"BreadcrumbList\",\"@id\":\"https:\\\/\\\/www.educargeneraoportunidades.org\\\/en\\\/argentina-from-student-to-teacher-in-a-fe-y-alegria-school\\\/#breadcrumb\",\"itemListElement\":[{\"@type\":\"ListItem\",\"position\":1,\"name\":\"Portada\",\"item\":\"https:\\\/\\\/www.educargeneraoportunidades.org\\\/en\\\/\"},{\"@type\":\"ListItem\",\"position\":2,\"name\":\"Argentina: from student to teacher in a Fe y Alegr\u00eda school\"}]},{\"@type\":\"WebSite\",\"@id\":\"https:\\\/\\\/www.educargeneraoportunidades.org\\\/en\\\/#website\",\"url\":\"https:\\\/\\\/www.educargeneraoportunidades.org\\\/en\\\/\",\"name\":\"Educating generates OPPORTUNITIES\",\"description\":\"INDITEX \\\/ ENTRECULTURAS\",\"potentialAction\":[{\"@type\":\"SearchAction\",\"target\":{\"@type\":\"EntryPoint\",\"urlTemplate\":\"https:\\\/\\\/www.educargeneraoportunidades.org\\\/en\\\/?s={search_term_string}\"},\"query-input\":{\"@type\":\"PropertyValueSpecification\",\"valueRequired\":true,\"valueName\":\"search_term_string\"}}],\"inLanguage\":\"en-US\"},{\"@type\":\"Person\",\"@id\":\"https:\\\/\\\/www.educargeneraoportunidades.org\\\/en\\\/#\\\/schema\\\/person\\\/5b53075952c9eb6ed48f3c9efcaf9835\",\"name\":\"admin\",\"image\":{\"@type\":\"ImageObject\",\"inLanguage\":\"en-US\",\"@id\":\"https:\\\/\\\/secure.gravatar.com\\\/avatar\\\/fad25dac98d5390510da5d2acbd92b2d4b6c76838ed005f3e7b4aa40e6258d4a?s=96&d=mm&r=g\",\"url\":\"https:\\\/\\\/secure.gravatar.com\\\/avatar\\\/fad25dac98d5390510da5d2acbd92b2d4b6c76838ed005f3e7b4aa40e6258d4a?s=96&d=mm&r=g\",\"contentUrl\":\"https:\\\/\\\/secure.gravatar.com\\\/avatar\\\/fad25dac98d5390510da5d2acbd92b2d4b6c76838ed005f3e7b4aa40e6258d4a?s=96&d=mm&r=g\",\"caption\":\"admin\"},\"url\":\"https:\\\/\\\/www.educargeneraoportunidades.org\\\/en\\\/author\\\/admin\\\/\"}]}<\/script>\n<!-- \/ Yoast SEO plugin. -->","yoast_head_json":{"title":"Argentina: from student to teacher in a Fe y Alegr\u00eda school - Educating generates OPPORTUNITIES","robots":{"index":"index","follow":"follow","max-snippet":"max-snippet:-1","max-image-preview":"max-image-preview:large","max-video-preview":"max-video-preview:-1"},"canonical":"https:\/\/www.educargeneraoportunidades.org\/en\/argentina-from-student-to-teacher-in-a-fe-y-alegria-school\/","og_locale":"en_US","og_type":"article","og_title":"Argentina: from student to teacher in a Fe y Alegr\u00eda school - Educating generates OPPORTUNITIES","og_description":"Ayuuk: Una universidad ind\u00edgena en M\u00e9xico","og_url":"https:\/\/www.educargeneraoportunidades.org\/en\/argentina-from-student-to-teacher-in-a-fe-y-alegria-school\/","og_site_name":"Educating generates OPPORTUNITIES","article_published_time":"2022-12-03T10:45:35+00:00","article_modified_time":"2024-01-24T16:21:14+00:00","og_image":[{"width":1000,"height":536,"url":"https:\/\/www.educargeneraoportunidades.org\/\/wp-content\/uploads\/2023\/10\/23.jpg","type":"image\/jpeg"}],"author":"admin","twitter_card":"summary_large_image","twitter_misc":{"Written by":"admin","Est. reading time":"3 minutes"},"schema":{"@context":"https:\/\/schema.org","@graph":[{"@type":"Article","@id":"https:\/\/www.educargeneraoportunidades.org\/en\/argentina-from-student-to-teacher-in-a-fe-y-alegria-school\/#article","isPartOf":{"@id":"https:\/\/www.educargeneraoportunidades.org\/en\/argentina-from-student-to-teacher-in-a-fe-y-alegria-school\/"},"author":{"name":"admin","@id":"https:\/\/www.educargeneraoportunidades.org\/en\/#\/schema\/person\/5b53075952c9eb6ed48f3c9efcaf9835"},"headline":"Argentina: from student to teacher in a Fe y Alegr\u00eda school","datePublished":"2022-12-03T10:45:35+00:00","dateModified":"2024-01-24T16:21:14+00:00","mainEntityOfPage":{"@id":"https:\/\/www.educargeneraoportunidades.org\/en\/argentina-from-student-to-teacher-in-a-fe-y-alegria-school\/"},"wordCount":1076,"image":{"@id":"https:\/\/www.educargeneraoportunidades.org\/en\/argentina-from-student-to-teacher-in-a-fe-y-alegria-school\/#primaryimage"},"thumbnailUrl":"https:\/\/www.educargeneraoportunidades.org\/\/wp-content\/uploads\/2023\/10\/23.jpg","articleSection":["Sin categorizar"],"inLanguage":"en-US"},{"@type":"WebPage","@id":"https:\/\/www.educargeneraoportunidades.org\/en\/argentina-from-student-to-teacher-in-a-fe-y-alegria-school\/","url":"https:\/\/www.educargeneraoportunidades.org\/en\/argentina-from-student-to-teacher-in-a-fe-y-alegria-school\/","name":"Argentina: from student to teacher in a Fe y Alegr\u00eda school - Educating generates OPPORTUNITIES","isPartOf":{"@id":"https:\/\/www.educargeneraoportunidades.org\/en\/#website"},"primaryImageOfPage":{"@id":"https:\/\/www.educargeneraoportunidades.org\/en\/argentina-from-student-to-teacher-in-a-fe-y-alegria-school\/#primaryimage"},"image":{"@id":"https:\/\/www.educargeneraoportunidades.org\/en\/argentina-from-student-to-teacher-in-a-fe-y-alegria-school\/#primaryimage"},"thumbnailUrl":"https:\/\/www.educargeneraoportunidades.org\/\/wp-content\/uploads\/2023\/10\/23.jpg","datePublished":"2022-12-03T10:45:35+00:00","dateModified":"2024-01-24T16:21:14+00:00","author":{"@id":"https:\/\/www.educargeneraoportunidades.org\/en\/#\/schema\/person\/5b53075952c9eb6ed48f3c9efcaf9835"},"breadcrumb":{"@id":"https:\/\/www.educargeneraoportunidades.org\/en\/argentina-from-student-to-teacher-in-a-fe-y-alegria-school\/#breadcrumb"},"inLanguage":"en-US","potentialAction":[{"@type":"ReadAction","target":["https:\/\/www.educargeneraoportunidades.org\/en\/argentina-from-student-to-teacher-in-a-fe-y-alegria-school\/"]}]},{"@type":"ImageObject","inLanguage":"en-US","@id":"https:\/\/www.educargeneraoportunidades.org\/en\/argentina-from-student-to-teacher-in-a-fe-y-alegria-school\/#primaryimage","url":"https:\/\/www.educargeneraoportunidades.org\/\/wp-content\/uploads\/2023\/10\/23.jpg","contentUrl":"https:\/\/www.educargeneraoportunidades.org\/\/wp-content\/uploads\/2023\/10\/23.jpg","width":1000,"height":536},{"@type":"BreadcrumbList","@id":"https:\/\/www.educargeneraoportunidades.org\/en\/argentina-from-student-to-teacher-in-a-fe-y-alegria-school\/#breadcrumb","itemListElement":[{"@type":"ListItem","position":1,"name":"Portada","item":"https:\/\/www.educargeneraoportunidades.org\/en\/"},{"@type":"ListItem","position":2,"name":"Argentina: from student to teacher in a Fe y Alegr\u00eda school"}]},{"@type":"WebSite","@id":"https:\/\/www.educargeneraoportunidades.org\/en\/#website","url":"https:\/\/www.educargeneraoportunidades.org\/en\/","name":"Educating generates OPPORTUNITIES","description":"INDITEX \/ ENTRECULTURAS","potentialAction":[{"@type":"SearchAction","target":{"@type":"EntryPoint","urlTemplate":"https:\/\/www.educargeneraoportunidades.org\/en\/?s={search_term_string}"},"query-input":{"@type":"PropertyValueSpecification","valueRequired":true,"valueName":"search_term_string"}}],"inLanguage":"en-US"},{"@type":"Person","@id":"https:\/\/www.educargeneraoportunidades.org\/en\/#\/schema\/person\/5b53075952c9eb6ed48f3c9efcaf9835","name":"admin","image":{"@type":"ImageObject","inLanguage":"en-US","@id":"https:\/\/secure.gravatar.com\/avatar\/fad25dac98d5390510da5d2acbd92b2d4b6c76838ed005f3e7b4aa40e6258d4a?s=96&d=mm&r=g","url":"https:\/\/secure.gravatar.com\/avatar\/fad25dac98d5390510da5d2acbd92b2d4b6c76838ed005f3e7b4aa40e6258d4a?s=96&d=mm&r=g","contentUrl":"https:\/\/secure.gravatar.com\/avatar\/fad25dac98d5390510da5d2acbd92b2d4b6c76838ed005f3e7b4aa40e6258d4a?s=96&d=mm&r=g","caption":"admin"},"url":"https:\/\/www.educargeneraoportunidades.org\/en\/author\/admin\/"}]}},"_links":{"self":[{"href":"https:\/\/www.educargeneraoportunidades.org\/en\/wp-json\/wp\/v2\/posts\/4190","targetHints":{"allow":["GET"]}}],"collection":[{"href":"https:\/\/www.educargeneraoportunidades.org\/en\/wp-json\/wp\/v2\/posts"}],"about":[{"href":"https:\/\/www.educargeneraoportunidades.org\/en\/wp-json\/wp\/v2\/types\/post"}],"author":[{"embeddable":true,"href":"https:\/\/www.educargeneraoportunidades.org\/en\/wp-json\/wp\/v2\/users\/1"}],"replies":[{"embeddable":true,"href":"https:\/\/www.educargeneraoportunidades.org\/en\/wp-json\/wp\/v2\/comments?post=4190"}],"version-history":[{"count":5,"href":"https:\/\/www.educargeneraoportunidades.org\/en\/wp-json\/wp\/v2\/posts\/4190\/revisions"}],"predecessor-version":[{"id":4817,"href":"https:\/\/www.educargeneraoportunidades.org\/en\/wp-json\/wp\/v2\/posts\/4190\/revisions\/4817"}],"wp:featuredmedia":[{"embeddable":true,"href":"https:\/\/www.educargeneraoportunidades.org\/en\/wp-json\/wp\/v2\/media\/4138"}],"wp:attachment":[{"href":"https:\/\/www.educargeneraoportunidades.org\/en\/wp-json\/wp\/v2\/media?parent=4190"}],"wp:term":[{"taxonomy":"category","embeddable":true,"href":"https:\/\/www.educargeneraoportunidades.org\/en\/wp-json\/wp\/v2\/categories?post=4190"},{"taxonomy":"post_tag","embeddable":true,"href":"https:\/\/www.educargeneraoportunidades.org\/en\/wp-json\/wp\/v2\/tags?post=4190"}],"curies":[{"name":"wp","href":"https:\/\/api.w.org\/{rel}","templated":true}]}}